{"id":733,"date":"2025-08-25T12:34:29","date_gmt":"2025-08-25T10:34:29","guid":{"rendered":"https:\/\/natury.de\/berichte\/?p=733"},"modified":"2025-08-25T12:35:02","modified_gmt":"2025-08-25T10:35:02","slug":"timo-unsere-erste-fkk-kanutour-auf-der-ems","status":"publish","type":"post","link":"https:\/\/natury.de\/berichte\/timo-unsere-erste-fkk-kanutour-auf-der-ems\/","title":{"rendered":"Timo: Unsere erste FKK-Kanutour auf der Ems"},"content":{"rendered":"\n<h3 class=\"wp-block-heading\">Erlebnis bei den Westf\u00e4lischen Naturistentagen<\/h3>\n\n\n\n<p id=\"a\">Am 20. August 2025 haben wir uns auf ein ganz besonderes Abenteuer eingelassen: unsere erste FKK-Kanutour. Schon seit Jahren genie\u00dfen wir die Freik\u00f6rperkultur, bisher vor allem beim Campen oder an Str\u00e4nden und Seen. Mit einer Gruppe von rund 30 Gleichgesinnten starteten wir in Rheine zu einer Kanutour auf der Ems \u2013 und wir k\u00f6nnen jetzt schon sagen: Es war ein wunderbares Erlebnis.<\/p>\n\n\n\n<div class=\"wp-block-columns is-layout-flex wp-container-core-columns-is-layout-28f84493 wp-block-columns-is-layout-flex\">\n<div class=\"wp-block-column is-layout-flow wp-block-column-is-layout-flow\">\n<p><a href=\"\/images\/berichte2025\/08-wnt\/20-mi-kanu\/wnt-kanu-vorarbeit.jpg\" title=\"Die Boote entladen, herrichten, zu Wasser lassen - all das macht viele Handgriffe n\u00f6tig.\"><img decoding=\"async\" src=\"\/images\/berichte2025\/08-wnt\/20-mi-kanu\/wnt-kanu-vorarbeit.jpg\" alt=\"Die Boote entladen, herrichten, zu Wasser lassen - all das macht viele Handgriffe n\u00f6tig.\"><\/a>(1|3) Die Boote entladen, herrichten, zu Wasser lassen &#8211; all das macht viele Handgriffe n\u00f6tig.<\/p>\n\n\n\n<p>Das Wetter zeigte sich von seiner besten Seite. Mal schien die Sonne, mal zogen Wolken vorbei \u2013 perfekt, um aktiv auf dem Wasser zu sein, ohne dass es zu hei\u00df wurde. Vom ersten Moment an herrschte eine entspannte, offene Atmosph\u00e4re. Schnell kamen wir mit anderen Teilnehmern ins Gespr\u00e4ch, und es machte einfach Spa\u00df, gemeinsam die Boote ins Wasser zu lassen und loszupaddeln. Die Ems zeigte sich dabei von einer ganz neuen Seite. Aus dem Kanu betrachtet, wirkte der Fluss besonders idyllisch und still. Das leise Pl\u00e4tschern des Wassers, die gr\u00fcnen Ufer, zwischendurch Vogelgezwitscher \u2013 wir f\u00fchlten uns sofort entschleunigt. Das Paddeln in der Gruppe war angenehm, und man merkte schnell, wie sch\u00f6n es ist, gemeinsam in Bewegung zu sein.<\/p>\n\n\n\n<p><a href=\"\/images\/berichte2025\/08-wnt\/20-mi-kanu\/wnt-kanu-pause.jpg\" title=\"Auch bei einer Kanutour geh\u00f6rt eine Pause zur Entspannung und zur St\u00e4rkung dazu.\"><img decoding=\"async\" src=\"\/images\/berichte2025\/08-wnt\/20-mi-kanu\/wnt-kanu-pause.jpg\" alt=\"Auch bei einer Kanutour geh\u00f6rt eine Pause zur Entspannung und zur St\u00e4rkung dazu.\"><\/a>(2|3) Auch bei einer Kanutour geh\u00f6rt eine Pause zur Entspannung und zur St\u00e4rkung dazu.<\/p>\n<\/div>\n\n\n\n<div class=\"wp-block-column is-layout-flow wp-block-column-is-layout-flow\">\n<p>Ein H\u00f6hepunkt war die gemeinsame Pause an einem kleinen, abgelegenen Strand. Hier konnten wir uns sonnen, baden oder einfach entspannt beieinandersitzen. Wer mochte, st\u00e4rkte sich mit einer Kleinigkeit zu essen. Besonders spannend war die nahegelegene Schleuse, die wir selbst bedienen durften. Einige Kanus wurden gemeinsam durchgeschleust \u2013 ein Erlebnis, das viel Freude bereitete und noch einmal das Gef\u00fchl von Teamgeist verst\u00e4rkte. W\u00e4hrend dieser Pause zeigte sich die Sonne von ihrer sch\u00f6nsten Seite. Einige nutzten die Gelegenheit, nackt ins k\u00fchle Wasser zu springen oder einfach entspannt auf dem Sand zu liegen. Es war befreiend, die Natur so unmittelbar zu sp\u00fcren \u2013 ohne Stoffschichten dazwischen, ganz so, wie wir es am liebsten haben.<\/p>\n\n\n\n<p>Kurz vor Ende der Tour kam es dann noch zu einer besonders am\u00fcsanten Begegnung: Eine Frau stand am Ufer, offenbar Teil einer kleinen Gruppe, die sich neugierig n\u00e4herte. Mit deutlich rheinischem Akzent rief sie: \u201eOh, eine FKK-Kanutour!\u201c und f\u00fcgte schmunzelnd hinzu, dass sie sich \u00fcber \u201edie Aussicht\u201c freue. Unsere Gruppe antwortete lachend, dass wir das jedes Jahr machen. Daraufhin meinte sie augenzwinkernd: \u201eDann komme ich n\u00e4chstes Jahr auch \u2013 wegen der Aussicht!\u201c Die Situation war herrlich locker und hat die ohnehin gute Stimmung noch einmal unterstrichen.<\/p>\n\n\n\n<p><a href=\"\/images\/berichte2025\/08-wnt\/20-mi-kanu\/wnt-kanu-boote.jpg\" title=\"Die Kanutour war einer der H\u00f6hepunkte der WNT.\"><img decoding=\"async\" src=\"\/images\/berichte2025\/08-wnt\/20-mi-kanu\/wnt-kanu-boote.jpg\" alt=\"Die Kanutour war einer der H\u00f6hepunkte der WNT.\"><\/a>(3|3) Die Kanutour war einer der H\u00f6hepunkte der WNT.<\/p>\n\n\n\n<p>F\u00fcr uns hat sich an diesem Tag wieder gezeigt, warum wir FKK so sehr sch\u00e4tzen: Es ist nicht nur die Freiheit, sich ohne Kleidung zu bewegen, sondern auch die Nat\u00fcrlichkeit, mit der Menschen miteinander umgehen, wenn \u00c4u\u00dferlichkeiten in den Hintergrund treten.<\/p>\n\n\n\n<p>Am Ende des Tages waren wir gl\u00fccklich, entspannt und voller neuer Eindr\u00fccke. Wir haben nette Menschen kennengelernt, viel gelacht und die Ems aus einer ganz besonderen Perspektive erlebt. Unsere erste FKK-Kanutour wird sicher nicht die letzte gewesen sein.<\/p>\n<\/div>\n<\/div>\n\n\n\n<p class=\"has-text-align-center\"><a href=\"#a\">\u21c8<\/a><\/p>\n","protected":false},"excerpt":{"rendered":"<p>Am 20. August 2025 haben wir uns auf ein ganz besonderes Abenteuer eingelassen: unsere erste FKK-Kanutour.<\/p>\n","protected":false},"author":1,"featured_media":736,"comment_status":"open","ping_status":"closed","sticky":false,"template":"","format":"standard","meta":{"_FSMCFIC_featured_image_caption":"","_FSMCFIC_featured_image_nocaption":"","_FSMCFIC_featured_image_hide":"","footnotes":""},"categories":[22],"tags":[37,5],"class_list":["post-733","post","type-post","status-publish","format-standard","has-post-thumbnail","hentry","category-nackt-boot-fahren","tag-37","tag-muensterland"],"a3_pvc":{"activated":false,"total_views":0,"today_views":0},"rttpg_featured_image_url":{"full":["https:\/\/natury.de\/berichte\/wp-content\/uploads\/2025\/08\/wnt-kanu-beibi.jpg",628,506,false],"landscape":["https:\/\/natury.de\/berichte\/wp-content\/uploads\/2025\/08\/wnt-kanu-beibi.jpg",628,506,false],"portraits":["https:\/\/natury.de\/berichte\/wp-content\/uploads\/2025\/08\/wnt-kanu-beibi.jpg",628,506,false],"thumbnail":["https:\/\/natury.de\/berichte\/wp-content\/uploads\/2025\/08\/wnt-kanu-beibi-150x150.jpg",150,150,true],"medium":["https:\/\/natury.de\/berichte\/wp-content\/uploads\/2025\/08\/wnt-kanu-beibi-300x242.jpg",300,242,true],"large":["https:\/\/natury.de\/berichte\/wp-content\/uploads\/2025\/08\/wnt-kanu-beibi.jpg",628,506,false],"1536x1536":["https:\/\/natury.de\/berichte\/wp-content\/uploads\/2025\/08\/wnt-kanu-beibi.jpg",628,506,false],"2048x2048":["https:\/\/natury.de\/berichte\/wp-content\/uploads\/2025\/08\/wnt-kanu-beibi.jpg",628,506,false]},"rttpg_author":{"display_name":"helmut","author_link":"https:\/\/natury.de\/berichte\/author\/helmut\/"},"rttpg_comment":0,"rttpg_category":"<a href=\"https:\/\/natury.de\/berichte\/category\/nackt-boot-fahren\/\" rel=\"category tag\">nackt Boot fahren<\/a>","rttpg_excerpt":"Am 20. August 2025 haben wir uns auf ein ganz besonderes Abenteuer eingelassen: unsere erste FKK-Kanutour.","_links":{"self":[{"href":"https:\/\/natury.de\/berichte\/wp-json\/wp\/v2\/posts\/733","targetHints":{"allow":["GET"]}}],"collection":[{"href":"https:\/\/natury.de\/berichte\/wp-json\/wp\/v2\/posts"}],"about":[{"href":"https:\/\/natury.de\/berichte\/wp-json\/wp\/v2\/types\/post"}],"author":[{"embeddable":true,"href":"https:\/\/natury.de\/berichte\/wp-json\/wp\/v2\/users\/1"}],"replies":[{"embeddable":true,"href":"https:\/\/natury.de\/berichte\/wp-json\/wp\/v2\/comments?post=733"}],"version-history":[{"count":4,"href":"https:\/\/natury.de\/berichte\/wp-json\/wp\/v2\/posts\/733\/revisions"}],"predecessor-version":[{"id":738,"href":"https:\/\/natury.de\/berichte\/wp-json\/wp\/v2\/posts\/733\/revisions\/738"}],"wp:featuredmedia":[{"embeddable":true,"href":"https:\/\/natury.de\/berichte\/wp-json\/wp\/v2\/media\/736"}],"wp:attachment":[{"href":"https:\/\/natury.de\/berichte\/wp-json\/wp\/v2\/media?parent=733"}],"wp:term":[{"taxonomy":"category","embeddable":true,"href":"https:\/\/natury.de\/berichte\/wp-json\/wp\/v2\/categories?post=733"},{"taxonomy":"post_tag","embeddable":true,"href":"https:\/\/natury.de\/berichte\/wp-json\/wp\/v2\/tags?post=733"}],"curies":[{"name":"wp","href":"https:\/\/api.w.org\/{rel}","templated":true}]}}