{"id":717,"date":"2025-08-20T20:34:43","date_gmt":"2025-08-20T18:34:43","guid":{"rendered":"https:\/\/natury.de\/berichte\/?p=717"},"modified":"2025-08-22T16:37:57","modified_gmt":"2025-08-22T14:37:57","slug":"westfaelische-naturistentage-2025","status":"publish","type":"post","link":"https:\/\/natury.de\/berichte\/westfaelische-naturistentage-2025\/","title":{"rendered":"Westf\u00e4lische Naturistentage 2025"},"content":{"rendered":"\n<p>Nach Vorbereitungen im Jahr 2015 und der Erkundung zahlreicher neuer Wanderpfade (durch Rainer) und Radelrouten (durch mic) im M\u00fcnsterland und der n\u00e4heren Umgebung gingen die WNT im Sommer 2016 erstmalig auf Tour. Dieses Jahr wurden die Westf\u00e4lischen Naturistentage (WNT) also zum zehnten Mal durchgef\u00fchrt. <\/p>\n\n\n\n<p>Waren 2015 noch 12 bis 16 Wanderer oder 4 bis 8 Radler die g\u00e4ngigen Teilnehmerzahlen, so stieg das Interesse an den WNT von Jahr zu Jahr stetig: Bei den einzelnen Touren waren dieses Jahr zwischen 25 und 50 Teilnehmer die Regel. Auch das Team der WNT-Initiatoren ist inzwischen gewachsen, um die vermehrte Organisatonsarbeit zu schaffen und die Gruppen jeweils sicher vom Start zum Ziel zu f\u00fchren.<\/p>\n\n\n\n<p>Mit sommerlichen Luft-Temperaturen waren der Montag (bis 26\u00b0) und Dienstag (bis 28\u00b0) die w\u00e4rmsten WNT-Tage und daher f\u00fcr Radeltouren am besten geeignet, denn beim Radfahren ist man ja immer zus\u00e4tzlich dem Fahrtwind ausgesetzt &#8211; also meist 15 bis 20 km\/h mehr als zu Fu\u00df.<\/p>\n\n\n\n<h3 class=\"wp-block-heading\">Radeln<\/h3>\n\n\n\n<div class=\"wp-block-columns is-layout-flex wp-container-core-columns-is-layout-28f84493 wp-block-columns-is-layout-flex\">\n<div class=\"wp-block-column is-layout-flow wp-block-column-is-layout-flow\">\n<p>Am Montag f\u00fchrte die Radeltour im Raum D\u00fclmen die 30 Teilnehmer durch eine 47 km lange, abwechslungsreiche Landschaft aus W\u00e4ldern, Feldern und Bauerschaften. Parallel wanderten die Fu\u00dfg\u00e4nger etwa 12 km, und im Anschluss stand f\u00fcr alle Interessierten noch ein Besuch bei den Merfelder Wildpferden an &#8211; mit F\u00fchrung durch F\u00f6rsterin R\u00f6vekamp. Den Abschluss bildete ein Besuch im Restaurant-Caf\u00e9 \u201eHaus Waldfrieden\u201c.<\/p>\n\n\n\n<p><a href=\"\/images\/berichte2025\/08-wnt\/18-mo-rad\/wnt-18-r-00-startbereit.jpg\" title=\"(1|8) Startbereit sammeln sich die Radler auf dem Parkplatz\"><img decoding=\"async\" src=\"\/images\/berichte2025\/08-wnt\/18-mo-rad\/wnt-18-r-00-startbereit.jpg\" alt=\"(1|8) Startbereit sammeln sich die Radler auf dem Parkplatz\"><\/a>(1|8) Startbereit sammeln sich die Radler auf dem Parkplatz\n\n<a href=\"\/images\/berichte2025\/08-wnt\/18-mo-rad\/wnt-18-r-05-waldweg.jpg\" title=\"(2|8) Befestigte Waldwege bieten m\u00fcnsterl\u00e4ndischen Fahrkomfort und Wechsel zwischen Sonne und Schatten\"><\/a>\n\n<a href=\"\/images\/berichte2025\/08-wnt\/18-mo-rad\/wnt-18-r-10-bauerschaft.jpg\" title=\"(3|8) Hin und wieder f\u00fchrt die Route durch eine Bauerschaft\"><\/a>\n\n<a href=\"\/images\/berichte2025\/08-wnt\/18-mo-rad\/wnt-18-r-15-wasserfall.jpg\" title=\"(4|8) Willkommene Gelegenheit zum Abk\u00fchlen: Ein Bach mit Wasserfall\"><\/a>\n\n<a href=\"\/images\/berichte2025\/08-wnt\/18-mo-rad\/wnt-18-r-20-strasse.jpg\" title=\"(5|8) Radeln auf einer Nebenstra\u00dfe - die Autofahrer sind hier an so etwas gew\u00f6hnt\"><\/a>\n\n<a href=\"\/images\/berichte2025\/08-wnt\/18-mo-rad\/wnt-18-r-25-gehoeft.jpg\" title=\"(6|8) Hier geht es direkt an einem gro\u00dfen Geh\u00f6ft vorbei\"><\/a>\n\n<a href=\"\/images\/berichte2025\/08-wnt\/18-mo-rad\/wnt-18-r-30-voraus.jpg\" title=\"(7|8) Die ganze Zeit ganz vorn dabei: Die Junior-Radler\"><\/a>\n\n<a href=\"\/images\/berichte2025\/08-wnt\/18-mo-rad\/wnt-18-r-35-begegnung.jpg\" title=\"(8|8) Auf Schmalspur-Radweg und Vollspur-Schienen gibt es eine Begegnung in der Natur\"><\/a>\n\n<\/p>\n<\/div>\n\n\n\n<div class=\"wp-block-column is-layout-flow wp-block-column-is-layout-flow\">\n<p>Am Dienstag gab es wiederum parallele Touren f\u00fcr Radler und Fu\u00dfg\u00e4nger. Die Radler strampelten sich auf einer erneut 47 km langen Rundtour im Raum Nordwalde &#8211; Altenberge m\u00fcde, w\u00e4hrend die Wanderer zwischen Nordwalde und Emsdetten blieben. In \u201eLintels Kotten\u201c gab es dann &#8211; nach einem optionalen Bad im See &#8211; im Gartenrestaurant eine verdiente St\u00e4rkung.<\/p>\n\n\n\n<p><a href=\"\/images\/berichte2025\/08-wnt\/19-di-rad\/wnt-19-r-00-strasse.jpg\" title=\"(1|4) M\u00fcnsterland-Regel: Neben jede Stra\u00dfe geh\u00f6rt ein Radweg\"><img decoding=\"async\" src=\"\/images\/berichte2025\/08-wnt\/19-di-rad\/wnt-19-r-00-strasse.jpg\" alt=\"(1|4) M\u00fcnsterland-Regel: Neben jede Stra\u00dfe geh\u00f6rt ein Radweg\"><\/a>(1|4) M\u00fcnsterland-Regel: Neben jede Stra\u00dfe geh\u00f6rt ein Radweg\n\n<a href=\"\/images\/berichte2025\/08-wnt\/19-di-rad\/wnt-19-r-05-maisfeld.jpg\" title=\"(2|4) Maisfelder geh\u00f6ren zu den verbreitetsten landwirtschaftlichen Nutzungsformen\"><\/a>\n\n<a href=\"\/images\/berichte2025\/08-wnt\/19-di-rad\/wnt-19-r-10-kurven.jpg\" title=\"(3|4) Zwischen den Weiden entlang schl\u00e4ngelt sich der Wirtschaftsweg\"><\/a>\n\n<a href=\"\/images\/berichte2025\/08-wnt\/19-di-rad\/wnt-19-r-15-zwischenhalt.jpg\" title=\"(4|4) Unter der stattlichen Eiche gibt es Schatten f\u00fcr einen kurzen Zwischenhalt zum Sammeln\"><\/a>\n\n<\/p>\n<\/div>\n<\/div>\n\n\n\n<p><\/p>\n","protected":false},"excerpt":{"rendered":"<p>Dieses Jahr wurden die Westf\u00e4lischen Naturistentage (WNT) zum zehnten Mal durchgef\u00fchrt.<\/p>\n","protected":false},"author":1,"featured_media":726,"comment_status":"open","ping_status":"closed","sticky":false,"template":"","format":"standard","meta":{"_FSMCFIC_featured_image_caption":"","_FSMCFIC_featured_image_nocaption":"","_FSMCFIC_featured_image_hide":"","footnotes":""},"categories":[20],"tags":[37,5],"class_list":["post-717","post","type-post","status-publish","format-standard","has-post-thumbnail","hentry","category-naturistentage-mix","tag-37","tag-muensterland"],"a3_pvc":{"activated":false,"total_views":0,"today_views":0},"rttpg_featured_image_url":{"full":["https:\/\/natury.de\/berichte\/wp-content\/uploads\/2025\/08\/wnt-18-r-beibi.jpg",900,600,false],"landscape":["https:\/\/natury.de\/berichte\/wp-content\/uploads\/2025\/08\/wnt-18-r-beibi.jpg",900,600,false],"portraits":["https:\/\/natury.de\/berichte\/wp-content\/uploads\/2025\/08\/wnt-18-r-beibi.jpg",900,600,false],"thumbnail":["https:\/\/natury.de\/berichte\/wp-content\/uploads\/2025\/08\/wnt-18-r-beibi-150x150.jpg",150,150,true],"medium":["https:\/\/natury.de\/berichte\/wp-content\/uploads\/2025\/08\/wnt-18-r-beibi-300x200.jpg",300,200,true],"large":["https:\/\/natury.de\/berichte\/wp-content\/uploads\/2025\/08\/wnt-18-r-beibi.jpg",900,600,false],"1536x1536":["https:\/\/natury.de\/berichte\/wp-content\/uploads\/2025\/08\/wnt-18-r-beibi.jpg",900,600,false],"2048x2048":["https:\/\/natury.de\/berichte\/wp-content\/uploads\/2025\/08\/wnt-18-r-beibi.jpg",900,600,false]},"rttpg_author":{"display_name":"helmut","author_link":"https:\/\/natury.de\/berichte\/author\/helmut\/"},"rttpg_comment":0,"rttpg_category":"<a href=\"https:\/\/natury.de\/berichte\/category\/naturistentage-mix\/\" rel=\"category tag\">Naturistentage (mix)<\/a>","rttpg_excerpt":"Dieses Jahr wurden die Westf\u00e4lischen Naturistentage (WNT) zum zehnten Mal durchgef\u00fchrt.","_links":{"self":[{"href":"https:\/\/natury.de\/berichte\/wp-json\/wp\/v2\/posts\/717","targetHints":{"allow":["GET"]}}],"collection":[{"href":"https:\/\/natury.de\/berichte\/wp-json\/wp\/v2\/posts"}],"about":[{"href":"https:\/\/natury.de\/berichte\/wp-json\/wp\/v2\/types\/post"}],"author":[{"embeddable":true,"href":"https:\/\/natury.de\/berichte\/wp-json\/wp\/v2\/users\/1"}],"replies":[{"embeddable":true,"href":"https:\/\/natury.de\/berichte\/wp-json\/wp\/v2\/comments?post=717"}],"version-history":[{"count":11,"href":"https:\/\/natury.de\/berichte\/wp-json\/wp\/v2\/posts\/717\/revisions"}],"predecessor-version":[{"id":731,"href":"https:\/\/natury.de\/berichte\/wp-json\/wp\/v2\/posts\/717\/revisions\/731"}],"wp:featuredmedia":[{"embeddable":true,"href":"https:\/\/natury.de\/berichte\/wp-json\/wp\/v2\/media\/726"}],"wp:attachment":[{"href":"https:\/\/natury.de\/berichte\/wp-json\/wp\/v2\/media?parent=717"}],"wp:term":[{"taxonomy":"category","embeddable":true,"href":"https:\/\/natury.de\/berichte\/wp-json\/wp\/v2\/categories?post=717"},{"taxonomy":"post_tag","embeddable":true,"href":"https:\/\/natury.de\/berichte\/wp-json\/wp\/v2\/tags?post=717"}],"curies":[{"name":"wp","href":"https:\/\/api.w.org\/{rel}","templated":true}]}}