{"id":704,"date":"2025-07-26T11:03:19","date_gmt":"2025-07-26T09:03:19","guid":{"rendered":"https:\/\/natury.de\/berichte\/?p=704"},"modified":"2025-07-26T11:08:57","modified_gmt":"2025-07-26T09:08:57","slug":"newt-2025","status":"publish","type":"post","link":"https:\/\/natury.de\/berichte\/newt-2025\/","title":{"rendered":"Naked European Walking Tour 2025"},"content":{"rendered":"\n<p>Die \u00d6sterreichschen Alpen waren auch in diesem Jahr wieder Kulisse f\u00fcr die Naked European Walking Tour (NEWT) 2025. Clarisse und Pascal waren wie in den letzten Jahren die Initiatoren der traditionellen Wanderwoche.<\/p>\n\n\n\n<div class=\"wp-block-columns is-layout-flex wp-container-core-columns-is-layout-28f84493 wp-block-columns-is-layout-flex\">\n<div class=\"wp-block-column is-layout-flow wp-block-column-is-layout-flow\">\n<p id=\"a\"><a href=\"\/images\/berichte2025\/07-newt\/newt_20250718_144006.jpg\" title=\"(1|9) Die beeindruckende Alpenkulisse lockt immer wieder\"><img decoding=\"async\" src=\"\/images\/berichte2025\/07-newt\/newt_20250718_144006.jpg\" alt=\"Die beeindruckende Alpenkulisse lockt immer wieder\"><\/a>(1|9) Die beeindruckende Alpenkulisse lockt immer wieder<\/p>\n\n\n\n<p>\u201eWir hatten sehr sch\u00f6ne Tage erlebt und einen Rekord aufgestellt mit Teilnehmern aus 18 L\u00e4ndern: China, Singapour, Canada, USA, Spain, Latvia, Slovaquia, France, Nederland, England, Ireland, Germany, Switzerland, Colombia, Belgium, Australia, Irac, Lituania.\u201c, so fasste Pascal seine Begeisterung zusammen.<\/p>\n\n\n\n<p><a href=\"\/images\/berichte2025\/07-newt\/newt_photo_2025-07-21_14-40-40_2.jpg\" title=\"(2|9) Die Wanderstrecken nutzten Wanderer mit und ohne Kleidung gemeinsam\"><img decoding=\"async\" src=\"\/images\/berichte2025\/07-newt\/newt_photo_2025-07-21_14-40-40_2.jpg\" alt=\"Die Wanderstrecken nutzten Wanderer mit und ohne Kleidung gemeinsam\"><\/a>(2|9) Die Wanderstrecken nutzten Wanderer mit und ohne Kleidung gemeinsam<\/p>\n\n\n\n<p>Es war &#8211; wie immer bei den NEWT &#8211; eine sehr tolle Stimmung, und diesmal standen einige neue Wanderrouten auf dem Programm.<\/p>\n\n\n\n<p><a href=\"\/images\/berichte2025\/07-newt\/newt_PXL_20250719_083306425.jpg\" title=\"(3|9) Vor beeindruckendem Panorama\"><img decoding=\"async\" src=\"\/images\/berichte2025\/07-newt\/newt_PXL_20250719_083306425.jpg\" alt=\"Vor beeindruckendem Panorama\"><\/a>(3|9) Vor beeindruckendem Panorama<\/p>\n<\/div>\n\n\n\n<div class=\"wp-block-column is-layout-flow wp-block-column-is-layout-flow\">\n<p><a href=\"\/images\/berichte2025\/07-newt\/newt_PXL_20250719_083333369.jpg\" title=\"(4|9) Erinnerungsfoto an einen erfolgreichen Aufstieg\"><img decoding=\"async\" src=\"\/images\/berichte2025\/07-newt\/newt_PXL_20250719_083333369.jpg\" alt=\"Erinnerungsfoto an einen erfolgreichen Aufstieg\"><\/a>(4|9) Erinnerungsfoto an einen erfolgreichen Aufstieg<\/p>\n\n\n\n<p><a href=\"\/images\/berichte2025\/07-newt\/newt_IMG_20250718_113200640.jpg\" title=\"(5|9) Alle haben es geschafft - da will auf dem Gruppenbild keiner fehlen\"><img decoding=\"async\" src=\"\/images\/berichte2025\/07-newt\/newt_IMG_20250718_113200640.jpg\" alt=\"Alle haben es geschafft - da will auf dem Gruppenbild keiner fehlen\"><\/a>(5|9) Alle haben es geschafft &#8211; da will auf dem Gruppenbild keiner fehlen<\/p>\n\n\n\n<p><a title=\"(6|9) So komfortabel wie hier sind die Wege nicht \u00fcberall geschottert\" href=\"\/images\/berichte2025\/07-newt\/newt_20250717_120636.jpg\"><img decoding=\"async\" src=\"\/images\/berichte2025\/07-newt\/newt_20250717_120636.jpg\" alt=\"So komfortabel wie hier sind die Wege nicht \u00fcberall geschottert\"><\/a>(6|9) So komfortabel wie hier sind die Wege nicht \u00fcberall geschottert<\/p>\n\n\n\n<p><a href=\"\/images\/berichte2025\/07-newt\/newt_20250719_125857.jpg\" title=\"(7|9) Das Sch\u00f6nste am Wandern ist die Rast - das gilt nat\u00fcrlich besonders auf einer derart einladend gr\u00fcnen Bergwiese\"><img decoding=\"async\" src=\"\/images\/berichte2025\/07-newt\/newt_20250719_125857.jpg\" alt=\"Das Sch\u00f6nste am Wandern ist die Rast - das gilt nat\u00fcrlich besonders auf einer derart einladend gr\u00fcnen Bergwiese\"><\/a>(7|9) Das Sch\u00f6nste am Wandern ist die Rast &#8211; das gilt nat\u00fcrlich besonders auf einer derart einladend gr\u00fcnen Bergwiese<\/p>\n<\/div>\n<\/div>\n\n\n\n<p class=\"has-text-align-center\"><a href=\"#a\">\u21c8<\/a><\/p>\n\n\n\n<div class=\"wp-block-columns is-layout-flex wp-container-core-columns-is-layout-28f84493 wp-block-columns-is-layout-flex\">\n<div class=\"wp-block-column is-layout-flow wp-block-column-is-layout-flow\">\n<p><a href=\"\/images\/berichte2025\/07-newt\/newt_20250714_100245_2.jpg\" title=\"(8|9) Ein Gebirgsfoto mit eindr\u00fccklicher Stimmung\"><img loading=\"lazy\" decoding=\"async\" src=\"\/images\/berichte2025\/07-newt\/newt_20250714_100245_2.jpg\" width=\"244\" height=\"400\" alt=\"Ein Gebirgsfoto mit eindr\u00fccklicher Stimmung\"><\/a>(8|9) Ein Gebirgsfoto mit eindr\u00fccklicher Stimmung<\/p>\n<\/div>\n\n\n\n<div class=\"wp-block-column is-layout-flow wp-block-column-is-layout-flow\">\n<p><a href=\"\/images\/berichte2025\/07-newt\/newt_GwFgTsHXYAEVcRz.jpg\" title=\"(9|9) Im Quartier ging der K\u00fcchendienst reihum\"><img loading=\"lazy\" decoding=\"async\" src=\"\/images\/berichte2025\/07-newt\/newt_GwFgTsHXYAEVcRz.jpg\" width=\"300\" height=\"400\" alt=\"Im Quartier ging der K\u00fcchendienst reihum\"><\/a>(9|9) Im Quartier ging der K\u00fcchendienst reihum<\/p>\n<\/div>\n<\/div>\n\n\n\n<p><\/p>\n","protected":false},"excerpt":{"rendered":"<p>Die \u00d6sterreichschen Alpen waren auch in diesem Jahr wieder Kulisse f\u00fcr die Naked European Walking Tour (NEWT) 2025.<\/p>\n","protected":false},"author":1,"featured_media":709,"comment_status":"closed","ping_status":"closed","sticky":false,"template":"","format":"standard","meta":{"_FSMCFIC_featured_image_caption":"","_FSMCFIC_featured_image_nocaption":"","_FSMCFIC_featured_image_hide":"","footnotes":""},"categories":[31],"tags":[37,30],"class_list":["post-704","post","type-post","status-publish","format-standard","has-post-thumbnail","hentry","category-nackt-bergwandern","tag-37","tag-alpen"],"a3_pvc":{"activated":false,"total_views":0,"today_views":0},"rttpg_featured_image_url":{"full":["https:\/\/natury.de\/berichte\/wp-content\/uploads\/2025\/07\/newt_2025_beibi.jpg",766,526,false],"landscape":["https:\/\/natury.de\/berichte\/wp-content\/uploads\/2025\/07\/newt_2025_beibi.jpg",766,526,false],"portraits":["https:\/\/natury.de\/berichte\/wp-content\/uploads\/2025\/07\/newt_2025_beibi.jpg",766,526,false],"thumbnail":["https:\/\/natury.de\/berichte\/wp-content\/uploads\/2025\/07\/newt_2025_beibi-150x150.jpg",150,150,true],"medium":["https:\/\/natury.de\/berichte\/wp-content\/uploads\/2025\/07\/newt_2025_beibi-300x206.jpg",300,206,true],"large":["https:\/\/natury.de\/berichte\/wp-content\/uploads\/2025\/07\/newt_2025_beibi.jpg",766,526,false],"1536x1536":["https:\/\/natury.de\/berichte\/wp-content\/uploads\/2025\/07\/newt_2025_beibi.jpg",766,526,false],"2048x2048":["https:\/\/natury.de\/berichte\/wp-content\/uploads\/2025\/07\/newt_2025_beibi.jpg",766,526,false]},"rttpg_author":{"display_name":"helmut","author_link":"https:\/\/natury.de\/berichte\/author\/helmut\/"},"rttpg_comment":0,"rttpg_category":"<a href=\"https:\/\/natury.de\/berichte\/category\/nackt-bergwandern\/\" rel=\"category tag\">nackt bergwandern<\/a>","rttpg_excerpt":"Die \u00d6sterreichschen Alpen waren auch in diesem Jahr wieder Kulisse f\u00fcr die Naked European Walking Tour (NEWT) 2025.","_links":{"self":[{"href":"https:\/\/natury.de\/berichte\/wp-json\/wp\/v2\/posts\/704","targetHints":{"allow":["GET"]}}],"collection":[{"href":"https:\/\/natury.de\/berichte\/wp-json\/wp\/v2\/posts"}],"about":[{"href":"https:\/\/natury.de\/berichte\/wp-json\/wp\/v2\/types\/post"}],"author":[{"embeddable":true,"href":"https:\/\/natury.de\/berichte\/wp-json\/wp\/v2\/users\/1"}],"replies":[{"embeddable":true,"href":"https:\/\/natury.de\/berichte\/wp-json\/wp\/v2\/comments?post=704"}],"version-history":[{"count":9,"href":"https:\/\/natury.de\/berichte\/wp-json\/wp\/v2\/posts\/704\/revisions"}],"predecessor-version":[{"id":714,"href":"https:\/\/natury.de\/berichte\/wp-json\/wp\/v2\/posts\/704\/revisions\/714"}],"wp:featuredmedia":[{"embeddable":true,"href":"https:\/\/natury.de\/berichte\/wp-json\/wp\/v2\/media\/709"}],"wp:attachment":[{"href":"https:\/\/natury.de\/berichte\/wp-json\/wp\/v2\/media?parent=704"}],"wp:term":[{"taxonomy":"category","embeddable":true,"href":"https:\/\/natury.de\/berichte\/wp-json\/wp\/v2\/categories?post=704"},{"taxonomy":"post_tag","embeddable":true,"href":"https:\/\/natury.de\/berichte\/wp-json\/wp\/v2\/tags?post=704"}],"curies":[{"name":"wp","href":"https:\/\/api.w.org\/{rel}","templated":true}]}}